{"id":2524,"date":"2026-03-06T11:00:41","date_gmt":"2026-03-06T11:00:41","guid":{"rendered":"https:\/\/zum-see.ch\/heures-douverture-de-la-mi-saison-2026\/"},"modified":"2026-03-06T11:00:52","modified_gmt":"2026-03-06T11:00:52","slug":"heures-douverture-de-la-mi-saison-2026","status":"publish","type":"post","link":"https:\/\/zum-see.ch\/fr\/heures-douverture-de-la-mi-saison-2026\/","title":{"rendered":"Heures d'ouverture de la mi-saison 2026"},"content":{"rendered":"\n<p><strong>11 avril 2026 Gourmetschleif<\/strong> (randonn\u00e9e culinaire circulaire avec repas et boissons)<\/p>\n\n<p><strong>26 avril 2026 Confirmation  <\/strong><\/p>\n\n<p><strong>10 mai 2026 Brunch de la f\u00eate des m\u00e8res <\/strong>(animation musicale avec Walter Keller)  <\/p>\n\n<p><strong>14 - 17 mai 2026<\/strong> <strong>Ascension<\/strong> (ouvert de 10h00 \u00e0 18h00) <strong>(soci\u00e9t\u00e9 ferm\u00e9e le 16 mai) <\/strong> <\/p>\n\n<p><strong>23 - 25 mai 2026 Pentec\u00f4te <\/strong>(ouvert de 10h00 \u00e0 18h00)<\/p>\n\n<p><\/p>\n\n<p><strong>04 juin 2026 Corpus Christi D\u00e9but de la saison d'\u00e9t\u00e9  <\/strong><\/p>\n\n<p><\/p>\n\n<p>Nous nous r\u00e9jouissons de votre visite au Restaurant zum See \/ Pension Aaron.<\/p>\n\n<p>Votre famille Williner - Wolf  <\/p>\n","protected":false},"excerpt":{"rendered":"<p>11 avril 2026 Gourmetschleif (randonn\u00e9e culinaire circulaire avec repas et boissons) 26 avril 2026 Confirmation 10 mai 2026 Brunch de la f\u00eate des m\u00e8res (animation musicale avec Walter Keller) 14 - 17 mai 2026 Ascension (ouvert de 10h00 \u00e0 18h00) (soci\u00e9t\u00e9 ferm\u00e9e le 16 mai) 23 - 25 mai 2026 Pentec\u00f4te (ouvert de 10h00 \u00e0 [&hellip;]<\/p>\n","protected":false},"author":2,"featured_media":0,"comment_status":"closed","ping_status":"closed","sticky":false,"template":"","format":"standard","meta":{"inline_featured_image":false,"_uag_custom_page_level_css":"","footnotes":""},"categories":[4],"tags":[],"class_list":["post-2524","post","type-post","status-publish","format-standard","hentry","category-non-classifiee"],"yoast_head":"<!-- This site is optimized with the Yoast SEO plugin v27.2 - https:\/\/yoast.com\/product\/yoast-seo-wordpress\/ -->\n<title>Heures d&#039;ouverture de la mi-saison 2026 - Restaurant zum See Gr\u00e4chen<\/title>\n<meta name=\"robots\" content=\"index, follow, max-snippet:-1, max-image-preview:large, max-video-preview:-1\" \/>\n<link rel=\"canonical\" href=\"https:\/\/zum-see.ch\/fr\/heures-douverture-de-la-mi-saison-2026\/\" \/>\n<meta property=\"og:locale\" content=\"fr_FR\" \/>\n<meta property=\"og:type\" content=\"article\" \/>\n<meta property=\"og:title\" content=\"Heures d&#039;ouverture de la mi-saison 2026 - Restaurant zum See Gr\u00e4chen\" \/>\n<meta property=\"og:description\" content=\"11 avril 2026 Gourmetschleif (randonn\u00e9e culinaire circulaire avec repas et boissons) 26 avril 2026 Confirmation 10 mai 2026 Brunch de la f\u00eate des m\u00e8res (animation musicale avec Walter Keller) 14 - 17 mai 2026 Ascension (ouvert de 10h00 \u00e0 18h00) (soci\u00e9t\u00e9 ferm\u00e9e le 16 mai) 23 - 25 mai 2026 Pentec\u00f4te (ouvert de 10h00 \u00e0 [&hellip;]\" \/>\n<meta property=\"og:url\" content=\"https:\/\/zum-see.ch\/fr\/heures-douverture-de-la-mi-saison-2026\/\" \/>\n<meta property=\"og:site_name\" content=\"Restaurant zum See Gr\u00e4chen\" \/>\n<meta property=\"article:publisher\" content=\"https:\/\/www.facebook.com\/restaurant.zum.see.graechen\/\" \/>\n<meta property=\"article:published_time\" content=\"2026-03-06T11:00:41+00:00\" \/>\n<meta property=\"article:modified_time\" content=\"2026-03-06T11:00:52+00:00\" \/>\n<meta property=\"og:image\" content=\"https:\/\/zum-see.ch\/wp-content\/uploads\/2023\/07\/logo-zum-see.jpg\" \/>\n\t<meta property=\"og:image:width\" content=\"1200\" \/>\n\t<meta property=\"og:image:height\" content=\"675\" \/>\n\t<meta property=\"og:image:type\" content=\"image\/jpeg\" \/>\n<meta name=\"author\" content=\"Sternau\" \/>\n<meta name=\"twitter:card\" content=\"summary_large_image\" \/>\n<meta name=\"twitter:label1\" content=\"\u00c9crit par\" \/>\n\t<meta name=\"twitter:data1\" content=\"Sternau\" \/>\n<script type=\"application\/ld+json\" class=\"yoast-schema-graph\">{\"@context\":\"https:\/\/schema.org\",\"@graph\":[{\"@type\":\"Article\",\"@id\":\"https:\/\/zum-see.ch\/fr\/heures-douverture-de-la-mi-saison-2026\/#article\",\"isPartOf\":{\"@id\":\"https:\/\/zum-see.ch\/fr\/heures-douverture-de-la-mi-saison-2026\/\"},\"author\":{\"name\":\"Sternau\",\"@id\":\"https:\/\/zum-see.ch\/fr\/#\/schema\/person\/3b81f59470d71e57a7708b9b27689892\"},\"headline\":\"Heures d'ouverture de la mi-saison 2026\",\"datePublished\":\"2026-03-06T11:00:41+00:00\",\"dateModified\":\"2026-03-06T11:00:52+00:00\",\"mainEntityOfPage\":{\"@id\":\"https:\/\/zum-see.ch\/fr\/heures-douverture-de-la-mi-saison-2026\/\"},\"wordCount\":81,\"publisher\":{\"@id\":\"https:\/\/zum-see.ch\/fr\/#organization\"},\"articleSection\":[\"Non classifi\u00e9(e)\"],\"inLanguage\":\"fr-FR\"},{\"@type\":\"WebPage\",\"@id\":\"https:\/\/zum-see.ch\/fr\/heures-douverture-de-la-mi-saison-2026\/\",\"url\":\"https:\/\/zum-see.ch\/fr\/heures-douverture-de-la-mi-saison-2026\/\",\"name\":\"Heures d'ouverture de la mi-saison 2026 - Restaurant zum See Gr\u00e4chen\",\"isPartOf\":{\"@id\":\"https:\/\/zum-see.ch\/fr\/#website\"},\"datePublished\":\"2026-03-06T11:00:41+00:00\",\"dateModified\":\"2026-03-06T11:00:52+00:00\",\"breadcrumb\":{\"@id\":\"https:\/\/zum-see.ch\/fr\/heures-douverture-de-la-mi-saison-2026\/#breadcrumb\"},\"inLanguage\":\"fr-FR\",\"potentialAction\":[{\"@type\":\"ReadAction\",\"target\":[\"https:\/\/zum-see.ch\/fr\/heures-douverture-de-la-mi-saison-2026\/\"]}]},{\"@type\":\"BreadcrumbList\",\"@id\":\"https:\/\/zum-see.ch\/fr\/heures-douverture-de-la-mi-saison-2026\/#breadcrumb\",\"itemListElement\":[{\"@type\":\"ListItem\",\"position\":1,\"name\":\"Startseite\",\"item\":\"https:\/\/zum-see.ch\/fr\/\"},{\"@type\":\"ListItem\",\"position\":2,\"name\":\"Heures d'ouverture de la mi-saison 2026\"}]},{\"@type\":\"WebSite\",\"@id\":\"https:\/\/zum-see.ch\/fr\/#website\",\"url\":\"https:\/\/zum-see.ch\/fr\/\",\"name\":\"Restaurant zum See Gr\u00e4chen\",\"description\":\"\",\"publisher\":{\"@id\":\"https:\/\/zum-see.ch\/fr\/#organization\"},\"potentialAction\":[{\"@type\":\"SearchAction\",\"target\":{\"@type\":\"EntryPoint\",\"urlTemplate\":\"https:\/\/zum-see.ch\/fr\/?s={search_term_string}\"},\"query-input\":{\"@type\":\"PropertyValueSpecification\",\"valueRequired\":true,\"valueName\":\"search_term_string\"}}],\"inLanguage\":\"fr-FR\"},{\"@type\":\"Organization\",\"@id\":\"https:\/\/zum-see.ch\/fr\/#organization\",\"name\":\"Restaurant zum See Gr\u00e4chen\",\"url\":\"https:\/\/zum-see.ch\/fr\/\",\"logo\":{\"@type\":\"ImageObject\",\"inLanguage\":\"fr-FR\",\"@id\":\"https:\/\/zum-see.ch\/fr\/#\/schema\/logo\/image\/\",\"url\":\"https:\/\/zum-see.ch\/wp-content\/uploads\/2023\/07\/logo-zum-see-2023.png\",\"contentUrl\":\"https:\/\/zum-see.ch\/wp-content\/uploads\/2023\/07\/logo-zum-see-2023.png\",\"width\":800,\"height\":506,\"caption\":\"Restaurant zum See Gr\u00e4chen\"},\"image\":{\"@id\":\"https:\/\/zum-see.ch\/fr\/#\/schema\/logo\/image\/\"},\"sameAs\":[\"https:\/\/www.facebook.com\/restaurant.zum.see.graechen\/\"]},{\"@type\":\"Person\",\"@id\":\"https:\/\/zum-see.ch\/fr\/#\/schema\/person\/3b81f59470d71e57a7708b9b27689892\",\"name\":\"Sternau\",\"url\":\"https:\/\/zum-see.ch\/fr\/author\/sternau\/\"}]}<\/script>\n<!-- \/ Yoast SEO plugin. -->","yoast_head_json":{"title":"Heures d'ouverture de la mi-saison 2026 - Restaurant zum See Gr\u00e4chen","robots":{"index":"index","follow":"follow","max-snippet":"max-snippet:-1","max-image-preview":"max-image-preview:large","max-video-preview":"max-video-preview:-1"},"canonical":"https:\/\/zum-see.ch\/fr\/heures-douverture-de-la-mi-saison-2026\/","og_locale":"fr_FR","og_type":"article","og_title":"Heures d'ouverture de la mi-saison 2026 - Restaurant zum See Gr\u00e4chen","og_description":"11 avril 2026 Gourmetschleif (randonn\u00e9e culinaire circulaire avec repas et boissons) 26 avril 2026 Confirmation 10 mai 2026 Brunch de la f\u00eate des m\u00e8res (animation musicale avec Walter Keller) 14 - 17 mai 2026 Ascension (ouvert de 10h00 \u00e0 18h00) (soci\u00e9t\u00e9 ferm\u00e9e le 16 mai) 23 - 25 mai 2026 Pentec\u00f4te (ouvert de 10h00 \u00e0 [&hellip;]","og_url":"https:\/\/zum-see.ch\/fr\/heures-douverture-de-la-mi-saison-2026\/","og_site_name":"Restaurant zum See Gr\u00e4chen","article_publisher":"https:\/\/www.facebook.com\/restaurant.zum.see.graechen\/","article_published_time":"2026-03-06T11:00:41+00:00","article_modified_time":"2026-03-06T11:00:52+00:00","og_image":[{"width":1200,"height":675,"url":"https:\/\/zum-see.ch\/wp-content\/uploads\/2023\/07\/logo-zum-see.jpg","type":"image\/jpeg"}],"author":"Sternau","twitter_card":"summary_large_image","twitter_misc":{"\u00c9crit par":"Sternau"},"schema":{"@context":"https:\/\/schema.org","@graph":[{"@type":"Article","@id":"https:\/\/zum-see.ch\/fr\/heures-douverture-de-la-mi-saison-2026\/#article","isPartOf":{"@id":"https:\/\/zum-see.ch\/fr\/heures-douverture-de-la-mi-saison-2026\/"},"author":{"name":"Sternau","@id":"https:\/\/zum-see.ch\/fr\/#\/schema\/person\/3b81f59470d71e57a7708b9b27689892"},"headline":"Heures d'ouverture de la mi-saison 2026","datePublished":"2026-03-06T11:00:41+00:00","dateModified":"2026-03-06T11:00:52+00:00","mainEntityOfPage":{"@id":"https:\/\/zum-see.ch\/fr\/heures-douverture-de-la-mi-saison-2026\/"},"wordCount":81,"publisher":{"@id":"https:\/\/zum-see.ch\/fr\/#organization"},"articleSection":["Non classifi\u00e9(e)"],"inLanguage":"fr-FR"},{"@type":"WebPage","@id":"https:\/\/zum-see.ch\/fr\/heures-douverture-de-la-mi-saison-2026\/","url":"https:\/\/zum-see.ch\/fr\/heures-douverture-de-la-mi-saison-2026\/","name":"Heures d'ouverture de la mi-saison 2026 - Restaurant zum See Gr\u00e4chen","isPartOf":{"@id":"https:\/\/zum-see.ch\/fr\/#website"},"datePublished":"2026-03-06T11:00:41+00:00","dateModified":"2026-03-06T11:00:52+00:00","breadcrumb":{"@id":"https:\/\/zum-see.ch\/fr\/heures-douverture-de-la-mi-saison-2026\/#breadcrumb"},"inLanguage":"fr-FR","potentialAction":[{"@type":"ReadAction","target":["https:\/\/zum-see.ch\/fr\/heures-douverture-de-la-mi-saison-2026\/"]}]},{"@type":"BreadcrumbList","@id":"https:\/\/zum-see.ch\/fr\/heures-douverture-de-la-mi-saison-2026\/#breadcrumb","itemListElement":[{"@type":"ListItem","position":1,"name":"Startseite","item":"https:\/\/zum-see.ch\/fr\/"},{"@type":"ListItem","position":2,"name":"Heures d'ouverture de la mi-saison 2026"}]},{"@type":"WebSite","@id":"https:\/\/zum-see.ch\/fr\/#website","url":"https:\/\/zum-see.ch\/fr\/","name":"Restaurant zum See Gr\u00e4chen","description":"","publisher":{"@id":"https:\/\/zum-see.ch\/fr\/#organization"},"potentialAction":[{"@type":"SearchAction","target":{"@type":"EntryPoint","urlTemplate":"https:\/\/zum-see.ch\/fr\/?s={search_term_string}"},"query-input":{"@type":"PropertyValueSpecification","valueRequired":true,"valueName":"search_term_string"}}],"inLanguage":"fr-FR"},{"@type":"Organization","@id":"https:\/\/zum-see.ch\/fr\/#organization","name":"Restaurant zum See Gr\u00e4chen","url":"https:\/\/zum-see.ch\/fr\/","logo":{"@type":"ImageObject","inLanguage":"fr-FR","@id":"https:\/\/zum-see.ch\/fr\/#\/schema\/logo\/image\/","url":"https:\/\/zum-see.ch\/wp-content\/uploads\/2023\/07\/logo-zum-see-2023.png","contentUrl":"https:\/\/zum-see.ch\/wp-content\/uploads\/2023\/07\/logo-zum-see-2023.png","width":800,"height":506,"caption":"Restaurant zum See Gr\u00e4chen"},"image":{"@id":"https:\/\/zum-see.ch\/fr\/#\/schema\/logo\/image\/"},"sameAs":["https:\/\/www.facebook.com\/restaurant.zum.see.graechen\/"]},{"@type":"Person","@id":"https:\/\/zum-see.ch\/fr\/#\/schema\/person\/3b81f59470d71e57a7708b9b27689892","name":"Sternau","url":"https:\/\/zum-see.ch\/fr\/author\/sternau\/"}]}},"uagb_featured_image_src":{"full":false,"thumbnail":false,"medium":false,"medium_large":false,"large":false,"1536x1536":false,"2048x2048":false},"uagb_author_info":{"display_name":"Sternau","author_link":"https:\/\/zum-see.ch\/fr\/author\/sternau\/"},"uagb_comment_info":0,"uagb_excerpt":"11 avril 2026 Gourmetschleif (randonn\u00e9e culinaire circulaire avec repas et boissons) 26 avril 2026 Confirmation 10 mai 2026 Brunch de la f\u00eate des m\u00e8res (animation musicale avec Walter Keller) 14 - 17 mai 2026 Ascension (ouvert de 10h00 \u00e0 18h00) (soci\u00e9t\u00e9 ferm\u00e9e le 16 mai) 23 - 25 mai 2026 Pentec\u00f4te (ouvert de 10h00 \u00e0\u2026","_links":{"self":[{"href":"https:\/\/zum-see.ch\/fr\/wp-json\/wp\/v2\/posts\/2524","targetHints":{"allow":["GET"]}}],"collection":[{"href":"https:\/\/zum-see.ch\/fr\/wp-json\/wp\/v2\/posts"}],"about":[{"href":"https:\/\/zum-see.ch\/fr\/wp-json\/wp\/v2\/types\/post"}],"author":[{"embeddable":true,"href":"https:\/\/zum-see.ch\/fr\/wp-json\/wp\/v2\/users\/2"}],"replies":[{"embeddable":true,"href":"https:\/\/zum-see.ch\/fr\/wp-json\/wp\/v2\/comments?post=2524"}],"version-history":[{"count":3,"href":"https:\/\/zum-see.ch\/fr\/wp-json\/wp\/v2\/posts\/2524\/revisions"}],"predecessor-version":[{"id":2527,"href":"https:\/\/zum-see.ch\/fr\/wp-json\/wp\/v2\/posts\/2524\/revisions\/2527"}],"wp:attachment":[{"href":"https:\/\/zum-see.ch\/fr\/wp-json\/wp\/v2\/media?parent=2524"}],"wp:term":[{"taxonomy":"category","embeddable":true,"href":"https:\/\/zum-see.ch\/fr\/wp-json\/wp\/v2\/categories?post=2524"},{"taxonomy":"post_tag","embeddable":true,"href":"https:\/\/zum-see.ch\/fr\/wp-json\/wp\/v2\/tags?post=2524"}],"curies":[{"name":"wp","href":"https:\/\/api.w.org\/{rel}","templated":true}]}}