{"id":2395,"date":"2025-10-29T15:07:20","date_gmt":"2025-10-29T15:07:20","guid":{"rendered":"https:\/\/zum-see.ch\/diner-aux-chandelles\/"},"modified":"2026-03-06T09:46:05","modified_gmt":"2026-03-06T09:46:05","slug":"diner-aux-chandelles","status":"publish","type":"post","link":"https:\/\/zum-see.ch\/fr\/diner-aux-chandelles\/","title":{"rendered":"11 mars 2026 DERNI\u00c8RE bougie - light - d\u00eener"},"content":{"rendered":"\n<p>Le <strong>11 mars 2026 <\/strong>, le mercredi soir, lorsque la nuit tombe dehors et que les lanternes \u00e9clairent <strong>encore une fois de<\/strong> mani\u00e8re romantique le chemin qui m\u00e8ne du village jusqu'\u00e0 nous, nous vous invitons \u00e0 un <strong>dernier<\/strong> <strong>d\u00eener aux chandelles<\/strong> dans la bonne humeur. Profitez d'un d\u00e9licieux d\u00eener aux chandelles \u00e0 partir de <strong>19h00 <\/strong>- un moment sp\u00e9cial pour l'\u00e2me, parfait pour \u00eatre \u00e0 deux, avoir de bonnes conversations et un peu de magie quotidienne.<\/p>\n\n<p>Une exp\u00e9rience qui r\u00e9chauffe \u00e0 la fois le c\u0153ur et le palais.  <\/p>\n\n<p><\/p>\n\n<p>R\u00e9servez votre table et profitez d'une soir\u00e9e inoubliable aux chandelles.  <\/p>\n\n<p>R\u00e9servation au : 027 956 10 70 ou sur info@zum-see.ch<\/p>\n\n<p><\/p>\n\n<p><\/p>\n","protected":false},"excerpt":{"rendered":"<p>Le 11 mars 2026 , le mercredi soir, lorsque la nuit tombe dehors et que les lanternes \u00e9clairent encore une fois de mani\u00e8re romantique le chemin qui m\u00e8ne du village jusqu'\u00e0 nous, nous vous invitons \u00e0 un dernier d\u00eener aux chandelles dans la bonne humeur. Profitez d'un d\u00e9licieux d\u00eener aux chandelles \u00e0 partir de 19h00 [&hellip;]<\/p>\n","protected":false},"author":2,"featured_media":0,"comment_status":"closed","ping_status":"closed","sticky":false,"template":"","format":"standard","meta":{"inline_featured_image":false,"_uag_custom_page_level_css":"","footnotes":""},"categories":[4],"tags":[],"class_list":["post-2395","post","type-post","status-publish","format-standard","hentry","category-non-classifiee"],"yoast_head":"<!-- This site is optimized with the Yoast SEO plugin v27.2 - https:\/\/yoast.com\/product\/yoast-seo-wordpress\/ -->\n<title>11 mars 2026 DERNI\u00c8RE bougie - light - d\u00eener - Restaurant zum See Gr\u00e4chen<\/title>\n<meta name=\"robots\" content=\"index, follow, max-snippet:-1, max-image-preview:large, max-video-preview:-1\" \/>\n<link rel=\"canonical\" href=\"https:\/\/zum-see.ch\/fr\/diner-aux-chandelles\/\" \/>\n<meta property=\"og:locale\" content=\"fr_FR\" \/>\n<meta property=\"og:type\" content=\"article\" \/>\n<meta property=\"og:title\" content=\"11 mars 2026 DERNI\u00c8RE bougie - light - d\u00eener - Restaurant zum See Gr\u00e4chen\" \/>\n<meta property=\"og:description\" content=\"Le 11 mars 2026 , le mercredi soir, lorsque la nuit tombe dehors et que les lanternes \u00e9clairent encore une fois de mani\u00e8re romantique le chemin qui m\u00e8ne du village jusqu&#039;\u00e0 nous, nous vous invitons \u00e0 un dernier d\u00eener aux chandelles dans la bonne humeur. Profitez d&#039;un d\u00e9licieux d\u00eener aux chandelles \u00e0 partir de 19h00 [&hellip;]\" \/>\n<meta property=\"og:url\" content=\"https:\/\/zum-see.ch\/fr\/diner-aux-chandelles\/\" \/>\n<meta property=\"og:site_name\" content=\"Restaurant zum See Gr\u00e4chen\" \/>\n<meta property=\"article:publisher\" content=\"https:\/\/www.facebook.com\/restaurant.zum.see.graechen\/\" \/>\n<meta property=\"article:published_time\" content=\"2025-10-29T15:07:20+00:00\" \/>\n<meta property=\"article:modified_time\" content=\"2026-03-06T09:46:05+00:00\" \/>\n<meta property=\"og:image\" content=\"https:\/\/zum-see.ch\/wp-content\/uploads\/2023\/07\/logo-zum-see.jpg\" \/>\n\t<meta property=\"og:image:width\" content=\"1200\" \/>\n\t<meta property=\"og:image:height\" content=\"675\" \/>\n\t<meta property=\"og:image:type\" content=\"image\/jpeg\" \/>\n<meta name=\"author\" content=\"Sternau\" \/>\n<meta name=\"twitter:card\" content=\"summary_large_image\" \/>\n<meta name=\"twitter:label1\" content=\"\u00c9crit par\" \/>\n\t<meta name=\"twitter:data1\" content=\"Sternau\" \/>\n\t<meta name=\"twitter:label2\" content=\"Dur\u00e9e de lecture estim\u00e9e\" \/>\n\t<meta name=\"twitter:data2\" content=\"1 minute\" \/>\n<script type=\"application\/ld+json\" class=\"yoast-schema-graph\">{\"@context\":\"https:\/\/schema.org\",\"@graph\":[{\"@type\":\"Article\",\"@id\":\"https:\/\/zum-see.ch\/fr\/diner-aux-chandelles\/#article\",\"isPartOf\":{\"@id\":\"https:\/\/zum-see.ch\/fr\/diner-aux-chandelles\/\"},\"author\":{\"name\":\"Sternau\",\"@id\":\"https:\/\/zum-see.ch\/fr\/#\/schema\/person\/3b81f59470d71e57a7708b9b27689892\"},\"headline\":\"11 mars 2026 DERNI\u00c8RE bougie - light - d\u00eener\",\"datePublished\":\"2025-10-29T15:07:20+00:00\",\"dateModified\":\"2026-03-06T09:46:05+00:00\",\"mainEntityOfPage\":{\"@id\":\"https:\/\/zum-see.ch\/fr\/diner-aux-chandelles\/\"},\"wordCount\":122,\"publisher\":{\"@id\":\"https:\/\/zum-see.ch\/fr\/#organization\"},\"articleSection\":[\"Non classifi\u00e9(e)\"],\"inLanguage\":\"fr-FR\"},{\"@type\":\"WebPage\",\"@id\":\"https:\/\/zum-see.ch\/fr\/diner-aux-chandelles\/\",\"url\":\"https:\/\/zum-see.ch\/fr\/diner-aux-chandelles\/\",\"name\":\"11 mars 2026 DERNI\u00c8RE bougie - light - d\u00eener - Restaurant zum See Gr\u00e4chen\",\"isPartOf\":{\"@id\":\"https:\/\/zum-see.ch\/fr\/#website\"},\"datePublished\":\"2025-10-29T15:07:20+00:00\",\"dateModified\":\"2026-03-06T09:46:05+00:00\",\"breadcrumb\":{\"@id\":\"https:\/\/zum-see.ch\/fr\/diner-aux-chandelles\/#breadcrumb\"},\"inLanguage\":\"fr-FR\",\"potentialAction\":[{\"@type\":\"ReadAction\",\"target\":[\"https:\/\/zum-see.ch\/fr\/diner-aux-chandelles\/\"]}]},{\"@type\":\"BreadcrumbList\",\"@id\":\"https:\/\/zum-see.ch\/fr\/diner-aux-chandelles\/#breadcrumb\",\"itemListElement\":[{\"@type\":\"ListItem\",\"position\":1,\"name\":\"Startseite\",\"item\":\"https:\/\/zum-see.ch\/fr\/\"},{\"@type\":\"ListItem\",\"position\":2,\"name\":\"11 mars 2026 DERNI\u00c8RE bougie - light - d\u00eener\"}]},{\"@type\":\"WebSite\",\"@id\":\"https:\/\/zum-see.ch\/fr\/#website\",\"url\":\"https:\/\/zum-see.ch\/fr\/\",\"name\":\"Restaurant zum See Gr\u00e4chen\",\"description\":\"\",\"publisher\":{\"@id\":\"https:\/\/zum-see.ch\/fr\/#organization\"},\"potentialAction\":[{\"@type\":\"SearchAction\",\"target\":{\"@type\":\"EntryPoint\",\"urlTemplate\":\"https:\/\/zum-see.ch\/fr\/?s={search_term_string}\"},\"query-input\":{\"@type\":\"PropertyValueSpecification\",\"valueRequired\":true,\"valueName\":\"search_term_string\"}}],\"inLanguage\":\"fr-FR\"},{\"@type\":\"Organization\",\"@id\":\"https:\/\/zum-see.ch\/fr\/#organization\",\"name\":\"Restaurant zum See Gr\u00e4chen\",\"url\":\"https:\/\/zum-see.ch\/fr\/\",\"logo\":{\"@type\":\"ImageObject\",\"inLanguage\":\"fr-FR\",\"@id\":\"https:\/\/zum-see.ch\/fr\/#\/schema\/logo\/image\/\",\"url\":\"https:\/\/zum-see.ch\/wp-content\/uploads\/2023\/07\/logo-zum-see-2023.png\",\"contentUrl\":\"https:\/\/zum-see.ch\/wp-content\/uploads\/2023\/07\/logo-zum-see-2023.png\",\"width\":800,\"height\":506,\"caption\":\"Restaurant zum See Gr\u00e4chen\"},\"image\":{\"@id\":\"https:\/\/zum-see.ch\/fr\/#\/schema\/logo\/image\/\"},\"sameAs\":[\"https:\/\/www.facebook.com\/restaurant.zum.see.graechen\/\"]},{\"@type\":\"Person\",\"@id\":\"https:\/\/zum-see.ch\/fr\/#\/schema\/person\/3b81f59470d71e57a7708b9b27689892\",\"name\":\"Sternau\",\"url\":\"https:\/\/zum-see.ch\/fr\/author\/sternau\/\"}]}<\/script>\n<!-- \/ Yoast SEO plugin. -->","yoast_head_json":{"title":"11 mars 2026 DERNI\u00c8RE bougie - light - d\u00eener - Restaurant zum See Gr\u00e4chen","robots":{"index":"index","follow":"follow","max-snippet":"max-snippet:-1","max-image-preview":"max-image-preview:large","max-video-preview":"max-video-preview:-1"},"canonical":"https:\/\/zum-see.ch\/fr\/diner-aux-chandelles\/","og_locale":"fr_FR","og_type":"article","og_title":"11 mars 2026 DERNI\u00c8RE bougie - light - d\u00eener - Restaurant zum See Gr\u00e4chen","og_description":"Le 11 mars 2026 , le mercredi soir, lorsque la nuit tombe dehors et que les lanternes \u00e9clairent encore une fois de mani\u00e8re romantique le chemin qui m\u00e8ne du village jusqu'\u00e0 nous, nous vous invitons \u00e0 un dernier d\u00eener aux chandelles dans la bonne humeur. Profitez d'un d\u00e9licieux d\u00eener aux chandelles \u00e0 partir de 19h00 [&hellip;]","og_url":"https:\/\/zum-see.ch\/fr\/diner-aux-chandelles\/","og_site_name":"Restaurant zum See Gr\u00e4chen","article_publisher":"https:\/\/www.facebook.com\/restaurant.zum.see.graechen\/","article_published_time":"2025-10-29T15:07:20+00:00","article_modified_time":"2026-03-06T09:46:05+00:00","og_image":[{"width":1200,"height":675,"url":"https:\/\/zum-see.ch\/wp-content\/uploads\/2023\/07\/logo-zum-see.jpg","type":"image\/jpeg"}],"author":"Sternau","twitter_card":"summary_large_image","twitter_misc":{"\u00c9crit par":"Sternau","Dur\u00e9e de lecture estim\u00e9e":"1 minute"},"schema":{"@context":"https:\/\/schema.org","@graph":[{"@type":"Article","@id":"https:\/\/zum-see.ch\/fr\/diner-aux-chandelles\/#article","isPartOf":{"@id":"https:\/\/zum-see.ch\/fr\/diner-aux-chandelles\/"},"author":{"name":"Sternau","@id":"https:\/\/zum-see.ch\/fr\/#\/schema\/person\/3b81f59470d71e57a7708b9b27689892"},"headline":"11 mars 2026 DERNI\u00c8RE bougie - light - d\u00eener","datePublished":"2025-10-29T15:07:20+00:00","dateModified":"2026-03-06T09:46:05+00:00","mainEntityOfPage":{"@id":"https:\/\/zum-see.ch\/fr\/diner-aux-chandelles\/"},"wordCount":122,"publisher":{"@id":"https:\/\/zum-see.ch\/fr\/#organization"},"articleSection":["Non classifi\u00e9(e)"],"inLanguage":"fr-FR"},{"@type":"WebPage","@id":"https:\/\/zum-see.ch\/fr\/diner-aux-chandelles\/","url":"https:\/\/zum-see.ch\/fr\/diner-aux-chandelles\/","name":"11 mars 2026 DERNI\u00c8RE bougie - light - d\u00eener - Restaurant zum See Gr\u00e4chen","isPartOf":{"@id":"https:\/\/zum-see.ch\/fr\/#website"},"datePublished":"2025-10-29T15:07:20+00:00","dateModified":"2026-03-06T09:46:05+00:00","breadcrumb":{"@id":"https:\/\/zum-see.ch\/fr\/diner-aux-chandelles\/#breadcrumb"},"inLanguage":"fr-FR","potentialAction":[{"@type":"ReadAction","target":["https:\/\/zum-see.ch\/fr\/diner-aux-chandelles\/"]}]},{"@type":"BreadcrumbList","@id":"https:\/\/zum-see.ch\/fr\/diner-aux-chandelles\/#breadcrumb","itemListElement":[{"@type":"ListItem","position":1,"name":"Startseite","item":"https:\/\/zum-see.ch\/fr\/"},{"@type":"ListItem","position":2,"name":"11 mars 2026 DERNI\u00c8RE bougie - light - d\u00eener"}]},{"@type":"WebSite","@id":"https:\/\/zum-see.ch\/fr\/#website","url":"https:\/\/zum-see.ch\/fr\/","name":"Restaurant zum See Gr\u00e4chen","description":"","publisher":{"@id":"https:\/\/zum-see.ch\/fr\/#organization"},"potentialAction":[{"@type":"SearchAction","target":{"@type":"EntryPoint","urlTemplate":"https:\/\/zum-see.ch\/fr\/?s={search_term_string}"},"query-input":{"@type":"PropertyValueSpecification","valueRequired":true,"valueName":"search_term_string"}}],"inLanguage":"fr-FR"},{"@type":"Organization","@id":"https:\/\/zum-see.ch\/fr\/#organization","name":"Restaurant zum See Gr\u00e4chen","url":"https:\/\/zum-see.ch\/fr\/","logo":{"@type":"ImageObject","inLanguage":"fr-FR","@id":"https:\/\/zum-see.ch\/fr\/#\/schema\/logo\/image\/","url":"https:\/\/zum-see.ch\/wp-content\/uploads\/2023\/07\/logo-zum-see-2023.png","contentUrl":"https:\/\/zum-see.ch\/wp-content\/uploads\/2023\/07\/logo-zum-see-2023.png","width":800,"height":506,"caption":"Restaurant zum See Gr\u00e4chen"},"image":{"@id":"https:\/\/zum-see.ch\/fr\/#\/schema\/logo\/image\/"},"sameAs":["https:\/\/www.facebook.com\/restaurant.zum.see.graechen\/"]},{"@type":"Person","@id":"https:\/\/zum-see.ch\/fr\/#\/schema\/person\/3b81f59470d71e57a7708b9b27689892","name":"Sternau","url":"https:\/\/zum-see.ch\/fr\/author\/sternau\/"}]}},"uagb_featured_image_src":{"full":false,"thumbnail":false,"medium":false,"medium_large":false,"large":false,"1536x1536":false,"2048x2048":false},"uagb_author_info":{"display_name":"Sternau","author_link":"https:\/\/zum-see.ch\/fr\/author\/sternau\/"},"uagb_comment_info":0,"uagb_excerpt":"Le 11 mars 2026 , le mercredi soir, lorsque la nuit tombe dehors et que les lanternes \u00e9clairent encore une fois de mani\u00e8re romantique le chemin qui m\u00e8ne du village jusqu'\u00e0 nous, nous vous invitons \u00e0 un dernier d\u00eener aux chandelles dans la bonne humeur. Profitez d'un d\u00e9licieux d\u00eener aux chandelles \u00e0 partir de 19h00\u2026","_links":{"self":[{"href":"https:\/\/zum-see.ch\/fr\/wp-json\/wp\/v2\/posts\/2395","targetHints":{"allow":["GET"]}}],"collection":[{"href":"https:\/\/zum-see.ch\/fr\/wp-json\/wp\/v2\/posts"}],"about":[{"href":"https:\/\/zum-see.ch\/fr\/wp-json\/wp\/v2\/types\/post"}],"author":[{"embeddable":true,"href":"https:\/\/zum-see.ch\/fr\/wp-json\/wp\/v2\/users\/2"}],"replies":[{"embeddable":true,"href":"https:\/\/zum-see.ch\/fr\/wp-json\/wp\/v2\/comments?post=2395"}],"version-history":[{"count":8,"href":"https:\/\/zum-see.ch\/fr\/wp-json\/wp\/v2\/posts\/2395\/revisions"}],"predecessor-version":[{"id":2516,"href":"https:\/\/zum-see.ch\/fr\/wp-json\/wp\/v2\/posts\/2395\/revisions\/2516"}],"wp:attachment":[{"href":"https:\/\/zum-see.ch\/fr\/wp-json\/wp\/v2\/media?parent=2395"}],"wp:term":[{"taxonomy":"category","embeddable":true,"href":"https:\/\/zum-see.ch\/fr\/wp-json\/wp\/v2\/categories?post=2395"},{"taxonomy":"post_tag","embeddable":true,"href":"https:\/\/zum-see.ch\/fr\/wp-json\/wp\/v2\/tags?post=2395"}],"curies":[{"name":"wp","href":"https:\/\/api.w.org\/{rel}","templated":true}]}}