{"id":2211,"date":"2025-03-13T13:25:56","date_gmt":"2025-03-13T13:25:56","guid":{"rendered":"https:\/\/zum-see.ch\/ete-2025-heures-douverture\/"},"modified":"2025-10-29T15:09:22","modified_gmt":"2025-10-29T15:09:22","slug":"ete-2025-heures-douverture","status":"publish","type":"post","link":"https:\/\/zum-see.ch\/fr\/ete-2025-heures-douverture\/","title":{"rendered":"Hiver - Heures d'ouverture 2025\/2026"},"content":{"rendered":"\n<p>Notre saison d'hiver commence le <strong>19 d\u00e9cembre 2025<\/strong> et dure jusqu'au lundi de P\u00e2ques <strong>06 avril 2026<\/strong>.<\/p>\n\n<p>-<\/p>\n\n<p>Nous sommes \u00e0 votre disposition tous les jours de <strong>8h00 <\/strong>\u00e0 <strong>22h00<\/strong>!<\/p>\n\n<p>Le mercredi, nous organisons un d\u00eener romantique aux chandelles. (manger \u00e0 la lumi\u00e8re des bougies)<\/p>\n\n<p><\/p>\n\n<p>-<\/p>\n\n<p>Nous nous r\u00e9jouissons de votre visite<\/p>\n\n<p>Famille Williner et Salome  <\/p>\n","protected":false},"excerpt":{"rendered":"<p>Notre saison d'hiver commence le 19 d\u00e9cembre 2025 et dure jusqu'au lundi de P\u00e2ques 06 avril 2026. - Nous sommes \u00e0 votre disposition tous les jours de 8h00 \u00e0 22h00! Le mercredi, nous organisons un d\u00eener romantique aux chandelles. (manger \u00e0 la lumi\u00e8re des bougies) - Nous nous r\u00e9jouissons de votre visite Famille Williner et [&hellip;]<\/p>\n","protected":false},"author":2,"featured_media":0,"comment_status":"closed","ping_status":"closed","sticky":false,"template":"","format":"standard","meta":{"inline_featured_image":false,"_uag_custom_page_level_css":"","footnotes":""},"categories":[4],"tags":[],"class_list":["post-2211","post","type-post","status-publish","format-standard","hentry","category-non-classifiee"],"yoast_head":"<!-- This site is optimized with the Yoast SEO plugin v27.2 - https:\/\/yoast.com\/product\/yoast-seo-wordpress\/ -->\n<title>Hiver - Heures d&#039;ouverture 2025\/2026 - Restaurant zum See Gr\u00e4chen<\/title>\n<meta name=\"robots\" content=\"index, follow, max-snippet:-1, max-image-preview:large, max-video-preview:-1\" \/>\n<link rel=\"canonical\" href=\"https:\/\/zum-see.ch\/fr\/ete-2025-heures-douverture\/\" \/>\n<meta property=\"og:locale\" content=\"fr_FR\" \/>\n<meta property=\"og:type\" content=\"article\" \/>\n<meta property=\"og:title\" content=\"Hiver - Heures d&#039;ouverture 2025\/2026 - Restaurant zum See Gr\u00e4chen\" \/>\n<meta property=\"og:description\" content=\"Notre saison d&#039;hiver commence le 19 d\u00e9cembre 2025 et dure jusqu&#039;au lundi de P\u00e2ques 06 avril 2026. - Nous sommes \u00e0 votre disposition tous les jours de 8h00 \u00e0 22h00! Le mercredi, nous organisons un d\u00eener romantique aux chandelles. (manger \u00e0 la lumi\u00e8re des bougies) - Nous nous r\u00e9jouissons de votre visite Famille Williner et [&hellip;]\" \/>\n<meta property=\"og:url\" content=\"https:\/\/zum-see.ch\/fr\/ete-2025-heures-douverture\/\" \/>\n<meta property=\"og:site_name\" content=\"Restaurant zum See Gr\u00e4chen\" \/>\n<meta property=\"article:publisher\" content=\"https:\/\/www.facebook.com\/restaurant.zum.see.graechen\/\" \/>\n<meta property=\"article:published_time\" content=\"2025-03-13T13:25:56+00:00\" \/>\n<meta property=\"article:modified_time\" content=\"2025-10-29T15:09:22+00:00\" \/>\n<meta property=\"og:image\" content=\"https:\/\/zum-see.ch\/wp-content\/uploads\/2023\/07\/logo-zum-see.jpg\" \/>\n\t<meta property=\"og:image:width\" content=\"1200\" \/>\n\t<meta property=\"og:image:height\" content=\"675\" \/>\n\t<meta property=\"og:image:type\" content=\"image\/jpeg\" \/>\n<meta name=\"author\" content=\"Sternau\" \/>\n<meta name=\"twitter:card\" content=\"summary_large_image\" \/>\n<meta name=\"twitter:label1\" content=\"\u00c9crit par\" \/>\n\t<meta name=\"twitter:data1\" content=\"Sternau\" \/>\n<script type=\"application\/ld+json\" class=\"yoast-schema-graph\">{\"@context\":\"https:\/\/schema.org\",\"@graph\":[{\"@type\":\"Article\",\"@id\":\"https:\/\/zum-see.ch\/fr\/ete-2025-heures-douverture\/#article\",\"isPartOf\":{\"@id\":\"https:\/\/zum-see.ch\/fr\/ete-2025-heures-douverture\/\"},\"author\":{\"name\":\"Sternau\",\"@id\":\"https:\/\/zum-see.ch\/fr\/#\/schema\/person\/3b81f59470d71e57a7708b9b27689892\"},\"headline\":\"Hiver - Heures d'ouverture 2025\/2026\",\"datePublished\":\"2025-03-13T13:25:56+00:00\",\"dateModified\":\"2025-10-29T15:09:22+00:00\",\"mainEntityOfPage\":{\"@id\":\"https:\/\/zum-see.ch\/fr\/ete-2025-heures-douverture\/\"},\"wordCount\":61,\"publisher\":{\"@id\":\"https:\/\/zum-see.ch\/fr\/#organization\"},\"articleSection\":[\"Non classifi\u00e9(e)\"],\"inLanguage\":\"fr-FR\"},{\"@type\":\"WebPage\",\"@id\":\"https:\/\/zum-see.ch\/fr\/ete-2025-heures-douverture\/\",\"url\":\"https:\/\/zum-see.ch\/fr\/ete-2025-heures-douverture\/\",\"name\":\"Hiver - Heures d'ouverture 2025\/2026 - Restaurant zum See Gr\u00e4chen\",\"isPartOf\":{\"@id\":\"https:\/\/zum-see.ch\/fr\/#website\"},\"datePublished\":\"2025-03-13T13:25:56+00:00\",\"dateModified\":\"2025-10-29T15:09:22+00:00\",\"breadcrumb\":{\"@id\":\"https:\/\/zum-see.ch\/fr\/ete-2025-heures-douverture\/#breadcrumb\"},\"inLanguage\":\"fr-FR\",\"potentialAction\":[{\"@type\":\"ReadAction\",\"target\":[\"https:\/\/zum-see.ch\/fr\/ete-2025-heures-douverture\/\"]}]},{\"@type\":\"BreadcrumbList\",\"@id\":\"https:\/\/zum-see.ch\/fr\/ete-2025-heures-douverture\/#breadcrumb\",\"itemListElement\":[{\"@type\":\"ListItem\",\"position\":1,\"name\":\"Startseite\",\"item\":\"https:\/\/zum-see.ch\/fr\/\"},{\"@type\":\"ListItem\",\"position\":2,\"name\":\"Hiver - Heures d'ouverture 2025\/2026\"}]},{\"@type\":\"WebSite\",\"@id\":\"https:\/\/zum-see.ch\/fr\/#website\",\"url\":\"https:\/\/zum-see.ch\/fr\/\",\"name\":\"Restaurant zum See Gr\u00e4chen\",\"description\":\"\",\"publisher\":{\"@id\":\"https:\/\/zum-see.ch\/fr\/#organization\"},\"potentialAction\":[{\"@type\":\"SearchAction\",\"target\":{\"@type\":\"EntryPoint\",\"urlTemplate\":\"https:\/\/zum-see.ch\/fr\/?s={search_term_string}\"},\"query-input\":{\"@type\":\"PropertyValueSpecification\",\"valueRequired\":true,\"valueName\":\"search_term_string\"}}],\"inLanguage\":\"fr-FR\"},{\"@type\":\"Organization\",\"@id\":\"https:\/\/zum-see.ch\/fr\/#organization\",\"name\":\"Restaurant zum See Gr\u00e4chen\",\"url\":\"https:\/\/zum-see.ch\/fr\/\",\"logo\":{\"@type\":\"ImageObject\",\"inLanguage\":\"fr-FR\",\"@id\":\"https:\/\/zum-see.ch\/fr\/#\/schema\/logo\/image\/\",\"url\":\"https:\/\/zum-see.ch\/wp-content\/uploads\/2023\/07\/logo-zum-see-2023.png\",\"contentUrl\":\"https:\/\/zum-see.ch\/wp-content\/uploads\/2023\/07\/logo-zum-see-2023.png\",\"width\":800,\"height\":506,\"caption\":\"Restaurant zum See Gr\u00e4chen\"},\"image\":{\"@id\":\"https:\/\/zum-see.ch\/fr\/#\/schema\/logo\/image\/\"},\"sameAs\":[\"https:\/\/www.facebook.com\/restaurant.zum.see.graechen\/\"]},{\"@type\":\"Person\",\"@id\":\"https:\/\/zum-see.ch\/fr\/#\/schema\/person\/3b81f59470d71e57a7708b9b27689892\",\"name\":\"Sternau\",\"url\":\"https:\/\/zum-see.ch\/fr\/author\/sternau\/\"}]}<\/script>\n<!-- \/ Yoast SEO plugin. -->","yoast_head_json":{"title":"Hiver - Heures d'ouverture 2025\/2026 - Restaurant zum See Gr\u00e4chen","robots":{"index":"index","follow":"follow","max-snippet":"max-snippet:-1","max-image-preview":"max-image-preview:large","max-video-preview":"max-video-preview:-1"},"canonical":"https:\/\/zum-see.ch\/fr\/ete-2025-heures-douverture\/","og_locale":"fr_FR","og_type":"article","og_title":"Hiver - Heures d'ouverture 2025\/2026 - Restaurant zum See Gr\u00e4chen","og_description":"Notre saison d'hiver commence le 19 d\u00e9cembre 2025 et dure jusqu'au lundi de P\u00e2ques 06 avril 2026. - Nous sommes \u00e0 votre disposition tous les jours de 8h00 \u00e0 22h00! Le mercredi, nous organisons un d\u00eener romantique aux chandelles. (manger \u00e0 la lumi\u00e8re des bougies) - Nous nous r\u00e9jouissons de votre visite Famille Williner et [&hellip;]","og_url":"https:\/\/zum-see.ch\/fr\/ete-2025-heures-douverture\/","og_site_name":"Restaurant zum See Gr\u00e4chen","article_publisher":"https:\/\/www.facebook.com\/restaurant.zum.see.graechen\/","article_published_time":"2025-03-13T13:25:56+00:00","article_modified_time":"2025-10-29T15:09:22+00:00","og_image":[{"width":1200,"height":675,"url":"https:\/\/zum-see.ch\/wp-content\/uploads\/2023\/07\/logo-zum-see.jpg","type":"image\/jpeg"}],"author":"Sternau","twitter_card":"summary_large_image","twitter_misc":{"\u00c9crit par":"Sternau"},"schema":{"@context":"https:\/\/schema.org","@graph":[{"@type":"Article","@id":"https:\/\/zum-see.ch\/fr\/ete-2025-heures-douverture\/#article","isPartOf":{"@id":"https:\/\/zum-see.ch\/fr\/ete-2025-heures-douverture\/"},"author":{"name":"Sternau","@id":"https:\/\/zum-see.ch\/fr\/#\/schema\/person\/3b81f59470d71e57a7708b9b27689892"},"headline":"Hiver - Heures d'ouverture 2025\/2026","datePublished":"2025-03-13T13:25:56+00:00","dateModified":"2025-10-29T15:09:22+00:00","mainEntityOfPage":{"@id":"https:\/\/zum-see.ch\/fr\/ete-2025-heures-douverture\/"},"wordCount":61,"publisher":{"@id":"https:\/\/zum-see.ch\/fr\/#organization"},"articleSection":["Non classifi\u00e9(e)"],"inLanguage":"fr-FR"},{"@type":"WebPage","@id":"https:\/\/zum-see.ch\/fr\/ete-2025-heures-douverture\/","url":"https:\/\/zum-see.ch\/fr\/ete-2025-heures-douverture\/","name":"Hiver - Heures d'ouverture 2025\/2026 - Restaurant zum See Gr\u00e4chen","isPartOf":{"@id":"https:\/\/zum-see.ch\/fr\/#website"},"datePublished":"2025-03-13T13:25:56+00:00","dateModified":"2025-10-29T15:09:22+00:00","breadcrumb":{"@id":"https:\/\/zum-see.ch\/fr\/ete-2025-heures-douverture\/#breadcrumb"},"inLanguage":"fr-FR","potentialAction":[{"@type":"ReadAction","target":["https:\/\/zum-see.ch\/fr\/ete-2025-heures-douverture\/"]}]},{"@type":"BreadcrumbList","@id":"https:\/\/zum-see.ch\/fr\/ete-2025-heures-douverture\/#breadcrumb","itemListElement":[{"@type":"ListItem","position":1,"name":"Startseite","item":"https:\/\/zum-see.ch\/fr\/"},{"@type":"ListItem","position":2,"name":"Hiver - Heures d'ouverture 2025\/2026"}]},{"@type":"WebSite","@id":"https:\/\/zum-see.ch\/fr\/#website","url":"https:\/\/zum-see.ch\/fr\/","name":"Restaurant zum See Gr\u00e4chen","description":"","publisher":{"@id":"https:\/\/zum-see.ch\/fr\/#organization"},"potentialAction":[{"@type":"SearchAction","target":{"@type":"EntryPoint","urlTemplate":"https:\/\/zum-see.ch\/fr\/?s={search_term_string}"},"query-input":{"@type":"PropertyValueSpecification","valueRequired":true,"valueName":"search_term_string"}}],"inLanguage":"fr-FR"},{"@type":"Organization","@id":"https:\/\/zum-see.ch\/fr\/#organization","name":"Restaurant zum See Gr\u00e4chen","url":"https:\/\/zum-see.ch\/fr\/","logo":{"@type":"ImageObject","inLanguage":"fr-FR","@id":"https:\/\/zum-see.ch\/fr\/#\/schema\/logo\/image\/","url":"https:\/\/zum-see.ch\/wp-content\/uploads\/2023\/07\/logo-zum-see-2023.png","contentUrl":"https:\/\/zum-see.ch\/wp-content\/uploads\/2023\/07\/logo-zum-see-2023.png","width":800,"height":506,"caption":"Restaurant zum See Gr\u00e4chen"},"image":{"@id":"https:\/\/zum-see.ch\/fr\/#\/schema\/logo\/image\/"},"sameAs":["https:\/\/www.facebook.com\/restaurant.zum.see.graechen\/"]},{"@type":"Person","@id":"https:\/\/zum-see.ch\/fr\/#\/schema\/person\/3b81f59470d71e57a7708b9b27689892","name":"Sternau","url":"https:\/\/zum-see.ch\/fr\/author\/sternau\/"}]}},"uagb_featured_image_src":{"full":false,"thumbnail":false,"medium":false,"medium_large":false,"large":false,"1536x1536":false,"2048x2048":false},"uagb_author_info":{"display_name":"Sternau","author_link":"https:\/\/zum-see.ch\/fr\/author\/sternau\/"},"uagb_comment_info":0,"uagb_excerpt":"Notre saison d'hiver commence le 19 d\u00e9cembre 2025 et dure jusqu'au lundi de P\u00e2ques 06 avril 2026. - Nous sommes \u00e0 votre disposition tous les jours de 8h00 \u00e0 22h00! Le mercredi, nous organisons un d\u00eener romantique aux chandelles. (manger \u00e0 la lumi\u00e8re des bougies) - Nous nous r\u00e9jouissons de votre visite Famille Williner et\u2026","_links":{"self":[{"href":"https:\/\/zum-see.ch\/fr\/wp-json\/wp\/v2\/posts\/2211","targetHints":{"allow":["GET"]}}],"collection":[{"href":"https:\/\/zum-see.ch\/fr\/wp-json\/wp\/v2\/posts"}],"about":[{"href":"https:\/\/zum-see.ch\/fr\/wp-json\/wp\/v2\/types\/post"}],"author":[{"embeddable":true,"href":"https:\/\/zum-see.ch\/fr\/wp-json\/wp\/v2\/users\/2"}],"replies":[{"embeddable":true,"href":"https:\/\/zum-see.ch\/fr\/wp-json\/wp\/v2\/comments?post=2211"}],"version-history":[{"count":11,"href":"https:\/\/zum-see.ch\/fr\/wp-json\/wp\/v2\/posts\/2211\/revisions"}],"predecessor-version":[{"id":2404,"href":"https:\/\/zum-see.ch\/fr\/wp-json\/wp\/v2\/posts\/2211\/revisions\/2404"}],"wp:attachment":[{"href":"https:\/\/zum-see.ch\/fr\/wp-json\/wp\/v2\/media?parent=2211"}],"wp:term":[{"taxonomy":"category","embeddable":true,"href":"https:\/\/zum-see.ch\/fr\/wp-json\/wp\/v2\/categories?post=2211"},{"taxonomy":"post_tag","embeddable":true,"href":"https:\/\/zum-see.ch\/fr\/wp-json\/wp\/v2\/tags?post=2211"}],"curies":[{"name":"wp","href":"https:\/\/api.w.org\/{rel}","templated":true}]}}