{"id":1893,"date":"2024-07-23T18:42:20","date_gmt":"2024-07-23T18:42:20","guid":{"rendered":"https:\/\/zum-see.ch\/soiree-flanerie-2024\/"},"modified":"2024-07-24T20:50:42","modified_gmt":"2024-07-24T20:50:42","slug":"soiree-flanerie-2024","status":"publish","type":"post","link":"https:\/\/zum-see.ch\/fr\/soiree-flanerie-2024\/","title":{"rendered":"Soir\u00e9e fl\u00e2nerie 2024"},"content":{"rendered":"\n<p>Chers invit\u00e9s  <\/p>\n\n<p>Le jeudi 25 juillet 2024, le restaurant est ferm\u00e9 \u00e0 partir de 18h00. Cependant, vous nous trouverez dans le village, pr\u00e8s de la Flanierstrasse. Venez vous faire dorloter. Notre offre : ailes de chou-fleur \/ dip d'a\u00efoli \/ citron vert \/ poivrons et un verre de vin.<\/p>\n\n<p>A bient\u00f4t !<\/p>\n","protected":false},"excerpt":{"rendered":"<p>Chers invit\u00e9s Le jeudi 25 juillet 2024, le restaurant est ferm\u00e9 \u00e0 partir de 18h00. Cependant, vous nous trouverez dans le village, pr\u00e8s de la Flanierstrasse. Venez vous faire dorloter. Notre offre : ailes de chou-fleur \/ dip d'a\u00efoli \/ citron vert \/ poivrons et un verre de vin. A bient\u00f4t !<\/p>\n","protected":false},"author":2,"featured_media":0,"comment_status":"closed","ping_status":"closed","sticky":false,"template":"","format":"standard","meta":{"inline_featured_image":false,"_uag_custom_page_level_css":"","footnotes":""},"categories":[4],"tags":[],"class_list":["post-1893","post","type-post","status-publish","format-standard","hentry","category-non-classifiee"],"yoast_head":"<!-- This site is optimized with the Yoast SEO plugin v27.2 - https:\/\/yoast.com\/product\/yoast-seo-wordpress\/ -->\n<title>Soir\u00e9e fl\u00e2nerie 2024 - Restaurant zum See Gr\u00e4chen<\/title>\n<meta name=\"robots\" content=\"index, follow, max-snippet:-1, max-image-preview:large, max-video-preview:-1\" \/>\n<link rel=\"canonical\" href=\"https:\/\/zum-see.ch\/fr\/soiree-flanerie-2024\/\" \/>\n<meta property=\"og:locale\" content=\"fr_FR\" \/>\n<meta property=\"og:type\" content=\"article\" \/>\n<meta property=\"og:title\" content=\"Soir\u00e9e fl\u00e2nerie 2024 - Restaurant zum See Gr\u00e4chen\" \/>\n<meta property=\"og:description\" content=\"Chers invit\u00e9s Le jeudi 25 juillet 2024, le restaurant est ferm\u00e9 \u00e0 partir de 18h00. Cependant, vous nous trouverez dans le village, pr\u00e8s de la Flanierstrasse. Venez vous faire dorloter. Notre offre : ailes de chou-fleur \/ dip d&#039;a\u00efoli \/ citron vert \/ poivrons et un verre de vin. A bient\u00f4t !\" \/>\n<meta property=\"og:url\" content=\"https:\/\/zum-see.ch\/fr\/soiree-flanerie-2024\/\" \/>\n<meta property=\"og:site_name\" content=\"Restaurant zum See Gr\u00e4chen\" \/>\n<meta property=\"article:publisher\" content=\"https:\/\/www.facebook.com\/restaurant.zum.see.graechen\/\" \/>\n<meta property=\"article:published_time\" content=\"2024-07-23T18:42:20+00:00\" \/>\n<meta property=\"article:modified_time\" content=\"2024-07-24T20:50:42+00:00\" \/>\n<meta property=\"og:image\" content=\"https:\/\/zum-see.ch\/wp-content\/uploads\/2023\/07\/logo-zum-see.jpg\" \/>\n\t<meta property=\"og:image:width\" content=\"1200\" \/>\n\t<meta property=\"og:image:height\" content=\"675\" \/>\n\t<meta property=\"og:image:type\" content=\"image\/jpeg\" \/>\n<meta name=\"author\" content=\"Sternau\" \/>\n<meta name=\"twitter:card\" content=\"summary_large_image\" \/>\n<meta name=\"twitter:label1\" content=\"\u00c9crit par\" \/>\n\t<meta name=\"twitter:data1\" content=\"Sternau\" \/>\n<script type=\"application\/ld+json\" class=\"yoast-schema-graph\">{\"@context\":\"https:\/\/schema.org\",\"@graph\":[{\"@type\":\"Article\",\"@id\":\"https:\/\/zum-see.ch\/fr\/soiree-flanerie-2024\/#article\",\"isPartOf\":{\"@id\":\"https:\/\/zum-see.ch\/fr\/soiree-flanerie-2024\/\"},\"author\":{\"name\":\"Sternau\",\"@id\":\"https:\/\/zum-see.ch\/fr\/#\/schema\/person\/3b81f59470d71e57a7708b9b27689892\"},\"headline\":\"Soir\u00e9e fl\u00e2nerie 2024\",\"datePublished\":\"2024-07-23T18:42:20+00:00\",\"dateModified\":\"2024-07-24T20:50:42+00:00\",\"mainEntityOfPage\":{\"@id\":\"https:\/\/zum-see.ch\/fr\/soiree-flanerie-2024\/\"},\"wordCount\":53,\"publisher\":{\"@id\":\"https:\/\/zum-see.ch\/fr\/#organization\"},\"articleSection\":[\"Non classifi\u00e9(e)\"],\"inLanguage\":\"fr-FR\"},{\"@type\":\"WebPage\",\"@id\":\"https:\/\/zum-see.ch\/fr\/soiree-flanerie-2024\/\",\"url\":\"https:\/\/zum-see.ch\/fr\/soiree-flanerie-2024\/\",\"name\":\"Soir\u00e9e fl\u00e2nerie 2024 - Restaurant zum See Gr\u00e4chen\",\"isPartOf\":{\"@id\":\"https:\/\/zum-see.ch\/fr\/#website\"},\"datePublished\":\"2024-07-23T18:42:20+00:00\",\"dateModified\":\"2024-07-24T20:50:42+00:00\",\"breadcrumb\":{\"@id\":\"https:\/\/zum-see.ch\/fr\/soiree-flanerie-2024\/#breadcrumb\"},\"inLanguage\":\"fr-FR\",\"potentialAction\":[{\"@type\":\"ReadAction\",\"target\":[\"https:\/\/zum-see.ch\/fr\/soiree-flanerie-2024\/\"]}]},{\"@type\":\"BreadcrumbList\",\"@id\":\"https:\/\/zum-see.ch\/fr\/soiree-flanerie-2024\/#breadcrumb\",\"itemListElement\":[{\"@type\":\"ListItem\",\"position\":1,\"name\":\"Startseite\",\"item\":\"https:\/\/zum-see.ch\/fr\/\"},{\"@type\":\"ListItem\",\"position\":2,\"name\":\"Soir\u00e9e fl\u00e2nerie 2024\"}]},{\"@type\":\"WebSite\",\"@id\":\"https:\/\/zum-see.ch\/fr\/#website\",\"url\":\"https:\/\/zum-see.ch\/fr\/\",\"name\":\"Restaurant zum See Gr\u00e4chen\",\"description\":\"\",\"publisher\":{\"@id\":\"https:\/\/zum-see.ch\/fr\/#organization\"},\"potentialAction\":[{\"@type\":\"SearchAction\",\"target\":{\"@type\":\"EntryPoint\",\"urlTemplate\":\"https:\/\/zum-see.ch\/fr\/?s={search_term_string}\"},\"query-input\":{\"@type\":\"PropertyValueSpecification\",\"valueRequired\":true,\"valueName\":\"search_term_string\"}}],\"inLanguage\":\"fr-FR\"},{\"@type\":\"Organization\",\"@id\":\"https:\/\/zum-see.ch\/fr\/#organization\",\"name\":\"Restaurant zum See Gr\u00e4chen\",\"url\":\"https:\/\/zum-see.ch\/fr\/\",\"logo\":{\"@type\":\"ImageObject\",\"inLanguage\":\"fr-FR\",\"@id\":\"https:\/\/zum-see.ch\/fr\/#\/schema\/logo\/image\/\",\"url\":\"https:\/\/zum-see.ch\/wp-content\/uploads\/2023\/07\/logo-zum-see-2023.png\",\"contentUrl\":\"https:\/\/zum-see.ch\/wp-content\/uploads\/2023\/07\/logo-zum-see-2023.png\",\"width\":800,\"height\":506,\"caption\":\"Restaurant zum See Gr\u00e4chen\"},\"image\":{\"@id\":\"https:\/\/zum-see.ch\/fr\/#\/schema\/logo\/image\/\"},\"sameAs\":[\"https:\/\/www.facebook.com\/restaurant.zum.see.graechen\/\"]},{\"@type\":\"Person\",\"@id\":\"https:\/\/zum-see.ch\/fr\/#\/schema\/person\/3b81f59470d71e57a7708b9b27689892\",\"name\":\"Sternau\",\"url\":\"https:\/\/zum-see.ch\/fr\/author\/sternau\/\"}]}<\/script>\n<!-- \/ Yoast SEO plugin. -->","yoast_head_json":{"title":"Soir\u00e9e fl\u00e2nerie 2024 - Restaurant zum See Gr\u00e4chen","robots":{"index":"index","follow":"follow","max-snippet":"max-snippet:-1","max-image-preview":"max-image-preview:large","max-video-preview":"max-video-preview:-1"},"canonical":"https:\/\/zum-see.ch\/fr\/soiree-flanerie-2024\/","og_locale":"fr_FR","og_type":"article","og_title":"Soir\u00e9e fl\u00e2nerie 2024 - Restaurant zum See Gr\u00e4chen","og_description":"Chers invit\u00e9s Le jeudi 25 juillet 2024, le restaurant est ferm\u00e9 \u00e0 partir de 18h00. Cependant, vous nous trouverez dans le village, pr\u00e8s de la Flanierstrasse. Venez vous faire dorloter. Notre offre : ailes de chou-fleur \/ dip d'a\u00efoli \/ citron vert \/ poivrons et un verre de vin. A bient\u00f4t !","og_url":"https:\/\/zum-see.ch\/fr\/soiree-flanerie-2024\/","og_site_name":"Restaurant zum See Gr\u00e4chen","article_publisher":"https:\/\/www.facebook.com\/restaurant.zum.see.graechen\/","article_published_time":"2024-07-23T18:42:20+00:00","article_modified_time":"2024-07-24T20:50:42+00:00","og_image":[{"width":1200,"height":675,"url":"https:\/\/zum-see.ch\/wp-content\/uploads\/2023\/07\/logo-zum-see.jpg","type":"image\/jpeg"}],"author":"Sternau","twitter_card":"summary_large_image","twitter_misc":{"\u00c9crit par":"Sternau"},"schema":{"@context":"https:\/\/schema.org","@graph":[{"@type":"Article","@id":"https:\/\/zum-see.ch\/fr\/soiree-flanerie-2024\/#article","isPartOf":{"@id":"https:\/\/zum-see.ch\/fr\/soiree-flanerie-2024\/"},"author":{"name":"Sternau","@id":"https:\/\/zum-see.ch\/fr\/#\/schema\/person\/3b81f59470d71e57a7708b9b27689892"},"headline":"Soir\u00e9e fl\u00e2nerie 2024","datePublished":"2024-07-23T18:42:20+00:00","dateModified":"2024-07-24T20:50:42+00:00","mainEntityOfPage":{"@id":"https:\/\/zum-see.ch\/fr\/soiree-flanerie-2024\/"},"wordCount":53,"publisher":{"@id":"https:\/\/zum-see.ch\/fr\/#organization"},"articleSection":["Non classifi\u00e9(e)"],"inLanguage":"fr-FR"},{"@type":"WebPage","@id":"https:\/\/zum-see.ch\/fr\/soiree-flanerie-2024\/","url":"https:\/\/zum-see.ch\/fr\/soiree-flanerie-2024\/","name":"Soir\u00e9e fl\u00e2nerie 2024 - Restaurant zum See Gr\u00e4chen","isPartOf":{"@id":"https:\/\/zum-see.ch\/fr\/#website"},"datePublished":"2024-07-23T18:42:20+00:00","dateModified":"2024-07-24T20:50:42+00:00","breadcrumb":{"@id":"https:\/\/zum-see.ch\/fr\/soiree-flanerie-2024\/#breadcrumb"},"inLanguage":"fr-FR","potentialAction":[{"@type":"ReadAction","target":["https:\/\/zum-see.ch\/fr\/soiree-flanerie-2024\/"]}]},{"@type":"BreadcrumbList","@id":"https:\/\/zum-see.ch\/fr\/soiree-flanerie-2024\/#breadcrumb","itemListElement":[{"@type":"ListItem","position":1,"name":"Startseite","item":"https:\/\/zum-see.ch\/fr\/"},{"@type":"ListItem","position":2,"name":"Soir\u00e9e fl\u00e2nerie 2024"}]},{"@type":"WebSite","@id":"https:\/\/zum-see.ch\/fr\/#website","url":"https:\/\/zum-see.ch\/fr\/","name":"Restaurant zum See Gr\u00e4chen","description":"","publisher":{"@id":"https:\/\/zum-see.ch\/fr\/#organization"},"potentialAction":[{"@type":"SearchAction","target":{"@type":"EntryPoint","urlTemplate":"https:\/\/zum-see.ch\/fr\/?s={search_term_string}"},"query-input":{"@type":"PropertyValueSpecification","valueRequired":true,"valueName":"search_term_string"}}],"inLanguage":"fr-FR"},{"@type":"Organization","@id":"https:\/\/zum-see.ch\/fr\/#organization","name":"Restaurant zum See Gr\u00e4chen","url":"https:\/\/zum-see.ch\/fr\/","logo":{"@type":"ImageObject","inLanguage":"fr-FR","@id":"https:\/\/zum-see.ch\/fr\/#\/schema\/logo\/image\/","url":"https:\/\/zum-see.ch\/wp-content\/uploads\/2023\/07\/logo-zum-see-2023.png","contentUrl":"https:\/\/zum-see.ch\/wp-content\/uploads\/2023\/07\/logo-zum-see-2023.png","width":800,"height":506,"caption":"Restaurant zum See Gr\u00e4chen"},"image":{"@id":"https:\/\/zum-see.ch\/fr\/#\/schema\/logo\/image\/"},"sameAs":["https:\/\/www.facebook.com\/restaurant.zum.see.graechen\/"]},{"@type":"Person","@id":"https:\/\/zum-see.ch\/fr\/#\/schema\/person\/3b81f59470d71e57a7708b9b27689892","name":"Sternau","url":"https:\/\/zum-see.ch\/fr\/author\/sternau\/"}]}},"uagb_featured_image_src":{"full":false,"thumbnail":false,"medium":false,"medium_large":false,"large":false,"1536x1536":false,"2048x2048":false},"uagb_author_info":{"display_name":"Sternau","author_link":"https:\/\/zum-see.ch\/fr\/author\/sternau\/"},"uagb_comment_info":0,"uagb_excerpt":"Chers invit\u00e9s Le jeudi 25 juillet 2024, le restaurant est ferm\u00e9 \u00e0 partir de 18h00. Cependant, vous nous trouverez dans le village, pr\u00e8s de la Flanierstrasse. Venez vous faire dorloter. Notre offre : ailes de chou-fleur \/ dip d'a\u00efoli \/ citron vert \/ poivrons et un verre de vin. A bient\u00f4t !","_links":{"self":[{"href":"https:\/\/zum-see.ch\/fr\/wp-json\/wp\/v2\/posts\/1893","targetHints":{"allow":["GET"]}}],"collection":[{"href":"https:\/\/zum-see.ch\/fr\/wp-json\/wp\/v2\/posts"}],"about":[{"href":"https:\/\/zum-see.ch\/fr\/wp-json\/wp\/v2\/types\/post"}],"author":[{"embeddable":true,"href":"https:\/\/zum-see.ch\/fr\/wp-json\/wp\/v2\/users\/2"}],"replies":[{"embeddable":true,"href":"https:\/\/zum-see.ch\/fr\/wp-json\/wp\/v2\/comments?post=1893"}],"version-history":[{"count":2,"href":"https:\/\/zum-see.ch\/fr\/wp-json\/wp\/v2\/posts\/1893\/revisions"}],"predecessor-version":[{"id":1923,"href":"https:\/\/zum-see.ch\/fr\/wp-json\/wp\/v2\/posts\/1893\/revisions\/1923"}],"wp:attachment":[{"href":"https:\/\/zum-see.ch\/fr\/wp-json\/wp\/v2\/media?parent=1893"}],"wp:term":[{"taxonomy":"category","embeddable":true,"href":"https:\/\/zum-see.ch\/fr\/wp-json\/wp\/v2\/categories?post=1893"},{"taxonomy":"post_tag","embeddable":true,"href":"https:\/\/zum-see.ch\/fr\/wp-json\/wp\/v2\/tags?post=1893"}],"curies":[{"name":"wp","href":"https:\/\/api.w.org\/{rel}","templated":true}]}}