{"id":1365,"date":"2022-12-14T17:04:19","date_gmt":"2022-12-14T17:04:19","guid":{"rendered":"https:\/\/zum-see.ch\/ski-in-ski-out\/"},"modified":"2025-01-17T13:47:23","modified_gmt":"2025-01-17T13:47:23","slug":"ski-in-ski-out","status":"publish","type":"post","link":"https:\/\/zum-see.ch\/fr\/ski-in-ski-out\/","title":{"rendered":"Ski-In &amp; Ski-Out"},"content":{"rendered":"<h1 class=\"wp-block-post-title\">Ski-In &amp; Ski-Out<\/h1>\n<p>  Voici comment nous rejoindre \u00e0 ski.<\/p>\n\n<p>Venez nous rendre visite directement depuis les pistes (descente de la vall\u00e9e Alpe \u00c4bnet) jusqu'au restaurant zum See \/ Pension Aaron.<\/p>\n\n<p>Du restaurant, on retourne directement sur la piste.<\/p>\n\n<p><\/p>\n","protected":false},"excerpt":{"rendered":"<p>Voici comment nous rejoindre \u00e0 ski. Venez nous rendre visite directement depuis les pistes (descente de la vall\u00e9e Alpe \u00c4bnet) jusqu'au restaurant zum See \/ Pension Aaron. Du restaurant, on retourne directement sur la piste.<\/p>\n","protected":false},"author":1,"featured_media":0,"comment_status":"open","ping_status":"open","sticky":false,"template":"","format":"standard","meta":{"inline_featured_image":false,"_uag_custom_page_level_css":"","footnotes":""},"categories":[4],"tags":[],"class_list":["post-1365","post","type-post","status-publish","format-standard","hentry","category-non-classifiee"],"yoast_head":"<!-- This site is optimized with the Yoast SEO plugin v27.2 - https:\/\/yoast.com\/product\/yoast-seo-wordpress\/ -->\n<title>Ski-In &amp; Ski-Out - Restaurant zum See Gr\u00e4chen<\/title>\n<meta name=\"robots\" content=\"index, follow, max-snippet:-1, max-image-preview:large, max-video-preview:-1\" \/>\n<link rel=\"canonical\" href=\"https:\/\/zum-see.ch\/fr\/ski-in-ski-out\/\" \/>\n<meta property=\"og:locale\" content=\"fr_FR\" \/>\n<meta property=\"og:type\" content=\"article\" \/>\n<meta property=\"og:title\" content=\"Ski-In &amp; Ski-Out - Restaurant zum See Gr\u00e4chen\" \/>\n<meta property=\"og:description\" content=\"Voici comment nous rejoindre \u00e0 ski. Venez nous rendre visite directement depuis les pistes (descente de la vall\u00e9e Alpe \u00c4bnet) jusqu&#039;au restaurant zum See \/ Pension Aaron. Du restaurant, on retourne directement sur la piste.\" \/>\n<meta property=\"og:url\" content=\"https:\/\/zum-see.ch\/fr\/ski-in-ski-out\/\" \/>\n<meta property=\"og:site_name\" content=\"Restaurant zum See Gr\u00e4chen\" \/>\n<meta property=\"article:publisher\" content=\"https:\/\/www.facebook.com\/restaurant.zum.see.graechen\/\" \/>\n<meta property=\"article:published_time\" content=\"2022-12-14T17:04:19+00:00\" \/>\n<meta property=\"article:modified_time\" content=\"2025-01-17T13:47:23+00:00\" \/>\n<meta property=\"og:image\" content=\"https:\/\/zum-see.ch\/wp-content\/uploads\/2023\/07\/logo-zum-see.jpg\" \/>\n\t<meta property=\"og:image:width\" content=\"1200\" \/>\n\t<meta property=\"og:image:height\" content=\"675\" \/>\n\t<meta property=\"og:image:type\" content=\"image\/jpeg\" \/>\n<meta name=\"author\" content=\"admin\" \/>\n<meta name=\"twitter:card\" content=\"summary_large_image\" \/>\n<meta name=\"twitter:label1\" content=\"\u00c9crit par\" \/>\n\t<meta name=\"twitter:data1\" content=\"admin\" \/>\n<script type=\"application\/ld+json\" class=\"yoast-schema-graph\">{\"@context\":\"https:\/\/schema.org\",\"@graph\":[{\"@type\":\"Article\",\"@id\":\"https:\/\/zum-see.ch\/fr\/ski-in-ski-out\/#article\",\"isPartOf\":{\"@id\":\"https:\/\/zum-see.ch\/fr\/ski-in-ski-out\/\"},\"author\":{\"name\":\"admin\",\"@id\":\"https:\/\/zum-see.ch\/fr\/#\/schema\/person\/bac736ce2955007736bd6016c5810b1b\"},\"headline\":\"Ski-In &amp; Ski-Out\",\"datePublished\":\"2022-12-14T17:04:19+00:00\",\"dateModified\":\"2025-01-17T13:47:23+00:00\",\"mainEntityOfPage\":{\"@id\":\"https:\/\/zum-see.ch\/fr\/ski-in-ski-out\/\"},\"wordCount\":38,\"commentCount\":0,\"publisher\":{\"@id\":\"https:\/\/zum-see.ch\/fr\/#organization\"},\"articleSection\":[\"Non classifi\u00e9(e)\"],\"inLanguage\":\"fr-FR\",\"potentialAction\":[{\"@type\":\"CommentAction\",\"name\":\"Comment\",\"target\":[\"https:\/\/zum-see.ch\/fr\/ski-in-ski-out\/#respond\"]}]},{\"@type\":\"WebPage\",\"@id\":\"https:\/\/zum-see.ch\/fr\/ski-in-ski-out\/\",\"url\":\"https:\/\/zum-see.ch\/fr\/ski-in-ski-out\/\",\"name\":\"Ski-In &amp; Ski-Out - Restaurant zum See Gr\u00e4chen\",\"isPartOf\":{\"@id\":\"https:\/\/zum-see.ch\/fr\/#website\"},\"datePublished\":\"2022-12-14T17:04:19+00:00\",\"dateModified\":\"2025-01-17T13:47:23+00:00\",\"breadcrumb\":{\"@id\":\"https:\/\/zum-see.ch\/fr\/ski-in-ski-out\/#breadcrumb\"},\"inLanguage\":\"fr-FR\",\"potentialAction\":[{\"@type\":\"ReadAction\",\"target\":[\"https:\/\/zum-see.ch\/fr\/ski-in-ski-out\/\"]}]},{\"@type\":\"BreadcrumbList\",\"@id\":\"https:\/\/zum-see.ch\/fr\/ski-in-ski-out\/#breadcrumb\",\"itemListElement\":[{\"@type\":\"ListItem\",\"position\":1,\"name\":\"Startseite\",\"item\":\"https:\/\/zum-see.ch\/fr\/\"},{\"@type\":\"ListItem\",\"position\":2,\"name\":\"Ski-In &amp; Ski-Out\"}]},{\"@type\":\"WebSite\",\"@id\":\"https:\/\/zum-see.ch\/fr\/#website\",\"url\":\"https:\/\/zum-see.ch\/fr\/\",\"name\":\"Restaurant zum See Gr\u00e4chen\",\"description\":\"\",\"publisher\":{\"@id\":\"https:\/\/zum-see.ch\/fr\/#organization\"},\"potentialAction\":[{\"@type\":\"SearchAction\",\"target\":{\"@type\":\"EntryPoint\",\"urlTemplate\":\"https:\/\/zum-see.ch\/fr\/?s={search_term_string}\"},\"query-input\":{\"@type\":\"PropertyValueSpecification\",\"valueRequired\":true,\"valueName\":\"search_term_string\"}}],\"inLanguage\":\"fr-FR\"},{\"@type\":\"Organization\",\"@id\":\"https:\/\/zum-see.ch\/fr\/#organization\",\"name\":\"Restaurant zum See Gr\u00e4chen\",\"url\":\"https:\/\/zum-see.ch\/fr\/\",\"logo\":{\"@type\":\"ImageObject\",\"inLanguage\":\"fr-FR\",\"@id\":\"https:\/\/zum-see.ch\/fr\/#\/schema\/logo\/image\/\",\"url\":\"https:\/\/zum-see.ch\/wp-content\/uploads\/2023\/07\/logo-zum-see-2023.png\",\"contentUrl\":\"https:\/\/zum-see.ch\/wp-content\/uploads\/2023\/07\/logo-zum-see-2023.png\",\"width\":800,\"height\":506,\"caption\":\"Restaurant zum See Gr\u00e4chen\"},\"image\":{\"@id\":\"https:\/\/zum-see.ch\/fr\/#\/schema\/logo\/image\/\"},\"sameAs\":[\"https:\/\/www.facebook.com\/restaurant.zum.see.graechen\/\"]},{\"@type\":\"Person\",\"@id\":\"https:\/\/zum-see.ch\/fr\/#\/schema\/person\/bac736ce2955007736bd6016c5810b1b\",\"name\":\"admin\",\"sameAs\":[\"https:\/\/zum-see.ch\"],\"url\":\"https:\/\/zum-see.ch\/fr\/author\/adhowasgra\/\"}]}<\/script>\n<!-- \/ Yoast SEO plugin. -->","yoast_head_json":{"title":"Ski-In &amp; Ski-Out - Restaurant zum See Gr\u00e4chen","robots":{"index":"index","follow":"follow","max-snippet":"max-snippet:-1","max-image-preview":"max-image-preview:large","max-video-preview":"max-video-preview:-1"},"canonical":"https:\/\/zum-see.ch\/fr\/ski-in-ski-out\/","og_locale":"fr_FR","og_type":"article","og_title":"Ski-In &amp; Ski-Out - Restaurant zum See Gr\u00e4chen","og_description":"Voici comment nous rejoindre \u00e0 ski. Venez nous rendre visite directement depuis les pistes (descente de la vall\u00e9e Alpe \u00c4bnet) jusqu'au restaurant zum See \/ Pension Aaron. Du restaurant, on retourne directement sur la piste.","og_url":"https:\/\/zum-see.ch\/fr\/ski-in-ski-out\/","og_site_name":"Restaurant zum See Gr\u00e4chen","article_publisher":"https:\/\/www.facebook.com\/restaurant.zum.see.graechen\/","article_published_time":"2022-12-14T17:04:19+00:00","article_modified_time":"2025-01-17T13:47:23+00:00","og_image":[{"width":1200,"height":675,"url":"https:\/\/zum-see.ch\/wp-content\/uploads\/2023\/07\/logo-zum-see.jpg","type":"image\/jpeg"}],"author":"admin","twitter_card":"summary_large_image","twitter_misc":{"\u00c9crit par":"admin"},"schema":{"@context":"https:\/\/schema.org","@graph":[{"@type":"Article","@id":"https:\/\/zum-see.ch\/fr\/ski-in-ski-out\/#article","isPartOf":{"@id":"https:\/\/zum-see.ch\/fr\/ski-in-ski-out\/"},"author":{"name":"admin","@id":"https:\/\/zum-see.ch\/fr\/#\/schema\/person\/bac736ce2955007736bd6016c5810b1b"},"headline":"Ski-In &amp; Ski-Out","datePublished":"2022-12-14T17:04:19+00:00","dateModified":"2025-01-17T13:47:23+00:00","mainEntityOfPage":{"@id":"https:\/\/zum-see.ch\/fr\/ski-in-ski-out\/"},"wordCount":38,"commentCount":0,"publisher":{"@id":"https:\/\/zum-see.ch\/fr\/#organization"},"articleSection":["Non classifi\u00e9(e)"],"inLanguage":"fr-FR","potentialAction":[{"@type":"CommentAction","name":"Comment","target":["https:\/\/zum-see.ch\/fr\/ski-in-ski-out\/#respond"]}]},{"@type":"WebPage","@id":"https:\/\/zum-see.ch\/fr\/ski-in-ski-out\/","url":"https:\/\/zum-see.ch\/fr\/ski-in-ski-out\/","name":"Ski-In &amp; Ski-Out - Restaurant zum See Gr\u00e4chen","isPartOf":{"@id":"https:\/\/zum-see.ch\/fr\/#website"},"datePublished":"2022-12-14T17:04:19+00:00","dateModified":"2025-01-17T13:47:23+00:00","breadcrumb":{"@id":"https:\/\/zum-see.ch\/fr\/ski-in-ski-out\/#breadcrumb"},"inLanguage":"fr-FR","potentialAction":[{"@type":"ReadAction","target":["https:\/\/zum-see.ch\/fr\/ski-in-ski-out\/"]}]},{"@type":"BreadcrumbList","@id":"https:\/\/zum-see.ch\/fr\/ski-in-ski-out\/#breadcrumb","itemListElement":[{"@type":"ListItem","position":1,"name":"Startseite","item":"https:\/\/zum-see.ch\/fr\/"},{"@type":"ListItem","position":2,"name":"Ski-In &amp; Ski-Out"}]},{"@type":"WebSite","@id":"https:\/\/zum-see.ch\/fr\/#website","url":"https:\/\/zum-see.ch\/fr\/","name":"Restaurant zum See Gr\u00e4chen","description":"","publisher":{"@id":"https:\/\/zum-see.ch\/fr\/#organization"},"potentialAction":[{"@type":"SearchAction","target":{"@type":"EntryPoint","urlTemplate":"https:\/\/zum-see.ch\/fr\/?s={search_term_string}"},"query-input":{"@type":"PropertyValueSpecification","valueRequired":true,"valueName":"search_term_string"}}],"inLanguage":"fr-FR"},{"@type":"Organization","@id":"https:\/\/zum-see.ch\/fr\/#organization","name":"Restaurant zum See Gr\u00e4chen","url":"https:\/\/zum-see.ch\/fr\/","logo":{"@type":"ImageObject","inLanguage":"fr-FR","@id":"https:\/\/zum-see.ch\/fr\/#\/schema\/logo\/image\/","url":"https:\/\/zum-see.ch\/wp-content\/uploads\/2023\/07\/logo-zum-see-2023.png","contentUrl":"https:\/\/zum-see.ch\/wp-content\/uploads\/2023\/07\/logo-zum-see-2023.png","width":800,"height":506,"caption":"Restaurant zum See Gr\u00e4chen"},"image":{"@id":"https:\/\/zum-see.ch\/fr\/#\/schema\/logo\/image\/"},"sameAs":["https:\/\/www.facebook.com\/restaurant.zum.see.graechen\/"]},{"@type":"Person","@id":"https:\/\/zum-see.ch\/fr\/#\/schema\/person\/bac736ce2955007736bd6016c5810b1b","name":"admin","sameAs":["https:\/\/zum-see.ch"],"url":"https:\/\/zum-see.ch\/fr\/author\/adhowasgra\/"}]}},"uagb_featured_image_src":{"full":false,"thumbnail":false,"medium":false,"medium_large":false,"large":false,"1536x1536":false,"2048x2048":false},"uagb_author_info":{"display_name":"admin","author_link":"https:\/\/zum-see.ch\/fr\/author\/adhowasgra\/"},"uagb_comment_info":0,"uagb_excerpt":"Voici comment nous rejoindre \u00e0 ski. Venez nous rendre visite directement depuis les pistes (descente de la vall\u00e9e Alpe \u00c4bnet) jusqu'au restaurant zum See \/ Pension Aaron. Du restaurant, on retourne directement sur la piste.","_links":{"self":[{"href":"https:\/\/zum-see.ch\/fr\/wp-json\/wp\/v2\/posts\/1365","targetHints":{"allow":["GET"]}}],"collection":[{"href":"https:\/\/zum-see.ch\/fr\/wp-json\/wp\/v2\/posts"}],"about":[{"href":"https:\/\/zum-see.ch\/fr\/wp-json\/wp\/v2\/types\/post"}],"author":[{"embeddable":true,"href":"https:\/\/zum-see.ch\/fr\/wp-json\/wp\/v2\/users\/1"}],"replies":[{"embeddable":true,"href":"https:\/\/zum-see.ch\/fr\/wp-json\/wp\/v2\/comments?post=1365"}],"version-history":[{"count":2,"href":"https:\/\/zum-see.ch\/fr\/wp-json\/wp\/v2\/posts\/1365\/revisions"}],"predecessor-version":[{"id":2195,"href":"https:\/\/zum-see.ch\/fr\/wp-json\/wp\/v2\/posts\/1365\/revisions\/2195"}],"wp:attachment":[{"href":"https:\/\/zum-see.ch\/fr\/wp-json\/wp\/v2\/media?parent=1365"}],"wp:term":[{"taxonomy":"category","embeddable":true,"href":"https:\/\/zum-see.ch\/fr\/wp-json\/wp\/v2\/categories?post=1365"},{"taxonomy":"post_tag","embeddable":true,"href":"https:\/\/zum-see.ch\/fr\/wp-json\/wp\/v2\/tags?post=1365"}],"curies":[{"name":"wp","href":"https:\/\/api.w.org\/{rel}","templated":true}]}}